{"id":7951,"date":"2026-07-17T19:14:20","date_gmt":"2026-07-17T17:14:20","guid":{"rendered":"https:\/\/cefoindigena.org\/?p=7951"},"modified":"2026-08-12T02:05:17","modified_gmt":"2026-08-12T00:05:17","slug":"fuego-arcilla-y-territorio-la-ceramica-siekopaai-como-expresion-de-autonomia-energetica","status":"publish","type":"post","link":"https:\/\/cefoindigena.org\/en\/fuego-arcilla-y-territorio-la-ceramica-siekopaai-como-expresion-de-autonomia-energetica\/","title":{"rendered":"Fire, Clay, and Territory: Siekopaai Pottery as an Expression of Energy Autonomy"},"content":{"rendered":"<h2 class=\"wp-block-heading\"> Module 2: Energy and Pottery of the \u201cDeo\u00b4o Koka\u201d Digital Education Plan<\/h2>\n\n\n\n<p class=\"wp-block-paragraph\">Prepared by: Pablo Y\u00e9pez and Yadira Ocoguaje<\/p>\n\n\n\n<p class=\"wp-block-paragraph\">Before discussing the energy transition in the Amazon, it is worth remembering that, for Indigenous peoples, this process did not begin with solar panels or electric vehicles. For the Siekopaai, the history of energy is much older and deeper, and is closely connected to their culture, territory, and way of life.<\/p>\n\n\n\n<p class=\"wp-block-paragraph\">The three sessions on energy and pottery led by Yadira Ocoguaje, a Siekopaai master potter, invite us to reflect on this long history. What we now call the energy transition could represent, for the Siekopaai, the fourth major transition in their existence.<\/p>\n\n\n\n<div class=\"wp-block-cb-carousel-v2 cb-carousel-block\" data-cb-slides-per-view=\"1\" data-cb-slides-per-group=\"1\" data-cb-space-between=\"15\" data-cb-speed=\"300\" data-cb-navigation=\"true\" data-cb-pagination=\"true\" data-cb-breakpoints=\"{&quot;768&quot;:{&quot;slidesPerView&quot;:3,&quot;slidesPerGroup&quot;:1}}\"><div class=\"swiper\"><div class=\"cb-wrapper swiper-wrapper\">\n<div class=\"wp-block-cb-slide-v2 cb-slide swiper-slide\">\n<figure class=\"wp-block-image size-large\"><img loading=\"lazy\" decoding=\"async\" width=\"1024\" height=\"683\" src=\"http:\/\/cefoindigena.org\/wp-content\/uploads\/2026\/07\/DSC00875-1024x683.webp\" alt=\"\" class=\"wp-image-7953\" srcset=\"https:\/\/cefoindigena.org\/wp-content\/uploads\/2026\/07\/DSC00875-1024x683.webp 1024w, https:\/\/cefoindigena.org\/wp-content\/uploads\/2026\/07\/DSC00875-300x200.webp 300w, https:\/\/cefoindigena.org\/wp-content\/uploads\/2026\/07\/DSC00875-768x512.webp 768w, https:\/\/cefoindigena.org\/wp-content\/uploads\/2026\/07\/DSC00875-1536x1025.webp 1536w, https:\/\/cefoindigena.org\/wp-content\/uploads\/2026\/07\/DSC00875-2048x1366.webp 2048w, https:\/\/cefoindigena.org\/wp-content\/uploads\/2026\/07\/DSC00875-18x12.webp 18w\" sizes=\"auto, (max-width: 1024px) 100vw, 1024px\" \/><\/figure>\n<\/div>\n\n\n\n<div class=\"wp-block-cb-slide-v2 cb-slide swiper-slide\">\n<figure class=\"wp-block-image size-large\"><img loading=\"lazy\" decoding=\"async\" width=\"1024\" height=\"683\" src=\"http:\/\/cefoindigena.org\/wp-content\/uploads\/2026\/07\/BJ7A1269-1024x683.webp\" alt=\"\" class=\"wp-image-7958\" srcset=\"https:\/\/cefoindigena.org\/wp-content\/uploads\/2026\/07\/BJ7A1269-1024x683.webp 1024w, https:\/\/cefoindigena.org\/wp-content\/uploads\/2026\/07\/BJ7A1269-300x200.webp 300w, https:\/\/cefoindigena.org\/wp-content\/uploads\/2026\/07\/BJ7A1269-768x512.webp 768w, https:\/\/cefoindigena.org\/wp-content\/uploads\/2026\/07\/BJ7A1269-1536x1024.webp 1536w, https:\/\/cefoindigena.org\/wp-content\/uploads\/2026\/07\/BJ7A1269-2048x1365.webp 2048w, https:\/\/cefoindigena.org\/wp-content\/uploads\/2026\/07\/BJ7A1269-18x12.webp 18w\" sizes=\"auto, (max-width: 1024px) 100vw, 1024px\" \/><\/figure>\n<\/div>\n\n\n\n<div class=\"wp-block-cb-slide-v2 cb-slide swiper-slide\">\n<figure class=\"wp-block-image size-large\"><img loading=\"lazy\" decoding=\"async\" width=\"1024\" height=\"683\" src=\"http:\/\/cefoindigena.org\/wp-content\/uploads\/2026\/07\/DSC02454-1024x683.webp\" alt=\"\" class=\"wp-image-7959\" srcset=\"https:\/\/cefoindigena.org\/wp-content\/uploads\/2026\/07\/DSC02454-1024x683.webp 1024w, https:\/\/cefoindigena.org\/wp-content\/uploads\/2026\/07\/DSC02454-300x200.webp 300w, https:\/\/cefoindigena.org\/wp-content\/uploads\/2026\/07\/DSC02454-768x512.webp 768w, https:\/\/cefoindigena.org\/wp-content\/uploads\/2026\/07\/DSC02454-1536x1025.webp 1536w, https:\/\/cefoindigena.org\/wp-content\/uploads\/2026\/07\/DSC02454-2048x1366.webp 2048w, https:\/\/cefoindigena.org\/wp-content\/uploads\/2026\/07\/DSC02454-18x12.webp 18w\" sizes=\"auto, (max-width: 1024px) 100vw, 1024px\" \/><\/figure>\n<\/div>\n<\/div><\/div><div class=\"cb-pagination swiper-pagination\"><\/div><div class=\"cb-button-prev swiper-button-prev\"><\/div><div class=\"cb-button-next swiper-button-next\"><\/div><\/div>\n\n\n\n<p class=\"wp-block-paragraph\">The first transition began with fire. According to Siekopaai tradition, it was \u00d1a\u00f1e Paaina, the creator and transforming being, who gave fire to the first human beings. With it, they learned to cook, transform food, and live collectively. At the same time, ancestral female teachers taught women how to collect clay and make pottery. Fire and clay gave rise to an ancestral technology that forever transformed the lives of the Siekopaai people.<\/p>\n\n\n\n<p class=\"wp-block-paragraph\">Ceramic pots and containers made it possible to develop a cuisine based on cassava, chili pepper, piarak\u00e1, and cassava bread, highly nutritious foods that could be stored during long journeys along Amazonian rivers and forest trails. Pottery also made it possible to prepare medicinal and ceremonial plants such as yaj\u00e9, strengthening a complex worldview that connected people with the forest, the spirits, and the universe.<\/p>\n\n\n\n<p class=\"wp-block-paragraph\">For centuries, the Siekopaai managed their own energy. They used resources from the forest to build homes, canoes, tools, tsio\u2014traditional gardens\u2014and knowledge systems that ensured their autonomy. Energy came from firewood, collective work, rivers, knowledge passed down from generation to generation, and a balanced relationship with nature.<br><\/p>\n\n\n\n<p class=\"wp-block-paragraph\">The second major transition arrived with colonization, but intensified particularly during the twentieth century with missionary activity and oil development. Outboard motors, batteries, flashlights, airplanes, roads, and firearms radically transformed community life. Mobility became dependent on fossil fuels, and many traditional activities were replaced by external technologies that required money to operate.<\/p>\n\n\n\n<p class=\"wp-block-paragraph\">The third transition occurred with the arrival of photovoltaic systems. Paradoxically, the Siekopaai began using solar energy in the 1990s, when much of Ecuador was still unfamiliar with this technology. The first solar panels provided lighting for homes and later powered small electrical devices. This transition was less harmful to the territory, but it also opened the door to new external influences through television, the media, and the cultural changes that accompanied electrification.<\/p>\n\n\n\n<p class=\"wp-block-paragraph\">Today, we are experiencing a fourth transition. Communities now have access to electricity from the national grid, fossil fuels, smartphones, the internet, and a wide range of modern technologies. However, this apparent improvement raises an uncomfortable question: who truly controls energy?<\/p>\n\n\n\n<p class=\"wp-block-paragraph\">The Siekopaai have moved from autonomously managing the energy resources they needed to live to depending on external systems for which they must continuously pay. Gasoline, cooking gas, and electricity are expensive, sometimes costing more than they do in many Ecuadorian cities. This situation is paradoxical, considering that oil, water, and other resources used to generate energy largely come from Indigenous territories, including the territory of the Siekopaai Nation.<\/p>\n\n\n\n<p class=\"wp-block-paragraph\">The reflection emerging from this process is profound. For thousands of years, the Siekopaai developed their own ways of producing, managing, and using energy in harmony with their culture and territory. In only a few decades, this autonomy was replaced by a growing dependence on external systems that demand money and consumption and often accelerate the transformation of traditional ways of life.<\/p>\n\n\n\n<p class=\"wp-block-paragraph\">Therefore, discussing the energy transition in the Amazon today should not be limited to debating new technologies. It must also involve asking how energy autonomy can be restored, how ancestral knowledge can be strengthened, and how energy models can be developed with the Free, Prior and Informed Consent of Indigenous peoples. These models must respect their cultures, nature, and the right and autonomy of Indigenous peoples to decide their own future.<br><\/p>\n\n\n\n<p class=\"wp-block-paragraph\">All these topics were addressed during the three sessions that formed the module entitled Energy and Pottery. Below, we share the videos corresponding to each session:<\/p>\n\n\n\n<div class=\"wp-block-columns is-layout-flex wp-container-core-columns-is-layout-7387b849 wp-block-columns-is-layout-flex\">\n<div class=\"wp-block-column is-layout-flow wp-block-column-is-layout-flow\">\n<figure class=\"wp-block-embed is-type-video is-provider-youtube wp-block-embed-youtube wp-embed-aspect-16-9 wp-has-aspect-ratio\"><div class=\"wp-block-embed__wrapper\">\n<iframe loading=\"lazy\" title=\"Sesi\u00f3n 8: Energ\u00eda y Cer\u00e1mica - Energ\u00eda desde territorio y tipos de uso de energ\u00eda\" width=\"800\" height=\"450\" src=\"https:\/\/www.youtube.com\/embed\/PNt_xgSBD30?feature=oembed\" frameborder=\"0\" allow=\"accelerometer; autoplay; clipboard-write; encrypted-media; gyroscope; picture-in-picture; web-share\" referrerpolicy=\"strict-origin-when-cross-origin\" allowfullscreen><\/iframe>\n<\/div><\/figure>\n<\/div>\n\n\n\n<div class=\"wp-block-column is-layout-flow wp-block-column-is-layout-flow\">\n<figure class=\"wp-block-embed is-type-video is-provider-youtube wp-block-embed-youtube wp-embed-aspect-16-9 wp-has-aspect-ratio\"><div class=\"wp-block-embed__wrapper\">\n<iframe loading=\"lazy\" title=\"Sesi\u00f3n 9: Energ\u00eda y Cer\u00e1mica - Circulo de la Palabra, el fuego y la cer\u00e1mica\" width=\"800\" height=\"450\" src=\"https:\/\/www.youtube.com\/embed\/Scn3JSfA-vM?feature=oembed\" frameborder=\"0\" allow=\"accelerometer; autoplay; clipboard-write; encrypted-media; gyroscope; picture-in-picture; web-share\" referrerpolicy=\"strict-origin-when-cross-origin\" allowfullscreen><\/iframe>\n<\/div><\/figure>\n<\/div>\n\n\n\n<div class=\"wp-block-column is-layout-flow wp-block-column-is-layout-flow\">\n<figure class=\"wp-block-embed is-type-video is-provider-youtube wp-block-embed-youtube wp-embed-aspect-16-9 wp-has-aspect-ratio\"><div class=\"wp-block-embed__wrapper\">\n<iframe loading=\"lazy\" title=\"Sesi\u00f3n 11: Energ\u00eda y Cer\u00e1mica - Nuevas energ\u00eda y reflexi\u00f3n sobre proyectos energ\u00e9ticos.\" width=\"800\" height=\"450\" src=\"https:\/\/www.youtube.com\/embed\/oExWTv_phyY?feature=oembed\" frameborder=\"0\" allow=\"accelerometer; autoplay; clipboard-write; encrypted-media; gyroscope; picture-in-picture; web-share\" referrerpolicy=\"strict-origin-when-cross-origin\" allowfullscreen><\/iframe>\n<\/div><\/figure>\n<\/div>\n<\/div>\n\n\n\n<p class=\"wp-block-paragraph\"><\/p>","protected":false},"excerpt":{"rendered":"<p>M\u00f3dulo 2: Energ\u00eda y Cer\u00e1mica del Plan de Educaci\u00f3n Digital \u00abDeo\u00b4o Koka\u00bb Elaborada por: Pablo Y\u00e9pez y Yadira Ocoguaje. Antes de hablar de transici\u00f3n energ\u00e9tica en la Amazon\u00eda, vale recordar que para los pueblos ind\u00edgenas este proceso no comenz\u00f3 con los paneles solares ni con los veh\u00edculos el\u00e9ctricos. Para los Siekopaai, la historia de la [&hellip;]<\/p>\n","protected":false},"author":4,"featured_media":7952,"comment_status":"closed","ping_status":"closed","sticky":false,"template":"","format":"standard","meta":{"_acf_changed":false,"_eb_attr":"","footnotes":""},"categories":[53],"tags":[74],"class_list":["post-7951","post","type-post","status-publish","format-standard","has-post-thumbnail","hentry","category-la-selva-tiene-rostro-de-mujer","tag-siekopaai"],"acf":[],"yoast_head":"<!-- This site is optimized with the Yoast SEO plugin v28.3 - https:\/\/yoast.com\/product\/yoast-seo-wordpress\/ -->\n<title>Fuego, arcilla y territorio: la cer\u00e1mica Siekopaai como expresi\u00f3n de autonom\u00eda energ\u00e9tica - CEFO Ind\u00edgena<\/title>\n<meta name=\"robots\" content=\"index, follow, max-snippet:-1, max-image-preview:large, max-video-preview:-1\" \/>\n<link rel=\"canonical\" href=\"https:\/\/cefoindigena.org\/en\/fuego-arcilla-y-territorio-la-ceramica-siekopaai-como-expresion-de-autonomia-energetica\/\" \/>\n<meta property=\"og:locale\" content=\"en_US\" \/>\n<meta property=\"og:type\" content=\"article\" \/>\n<meta property=\"og:title\" content=\"Fuego, arcilla y territorio: la cer\u00e1mica Siekopaai como expresi\u00f3n de autonom\u00eda energ\u00e9tica - CEFO Ind\u00edgena\" \/>\n<meta property=\"og:description\" content=\"M\u00f3dulo 2: Energ\u00eda y Cer\u00e1mica del Plan de Educaci\u00f3n Digital \u00abDeo\u00b4o Koka\u00bb Elaborada por: Pablo Y\u00e9pez y Yadira Ocoguaje. Antes de hablar de transici\u00f3n energ\u00e9tica en la Amazon\u00eda, vale recordar que para los pueblos ind\u00edgenas este proceso no comenz\u00f3 con los paneles solares ni con los veh\u00edculos el\u00e9ctricos. Para los Siekopaai, la historia de la [&hellip;]\" \/>\n<meta property=\"og:url\" content=\"https:\/\/cefoindigena.org\/en\/fuego-arcilla-y-territorio-la-ceramica-siekopaai-como-expresion-de-autonomia-energetica\/\" \/>\n<meta property=\"og:site_name\" content=\"CEFO Ind\u00edgena\" \/>\n<meta property=\"article:publisher\" content=\"https:\/\/www.facebook.com\/CEFOIndigena\/\" \/>\n<meta property=\"article:published_time\" content=\"2026-07-17T17:14:20+00:00\" \/>\n<meta property=\"article:modified_time\" content=\"2026-08-12T00:05:17+00:00\" \/>\n<meta property=\"og:image\" content=\"http:\/\/cefoindigena.org\/wp-content\/uploads\/2026\/07\/TerritorioVivo_Remolino_5deJunio_Martin1-scaled.webp\" \/>\n\t<meta property=\"og:image:width\" content=\"2560\" \/>\n\t<meta property=\"og:image:height\" content=\"1707\" \/>\n\t<meta property=\"og:image:type\" content=\"image\/webp\" \/>\n<meta name=\"author\" content=\"kat_vicnt\" \/>\n<meta name=\"twitter:card\" content=\"summary_large_image\" \/>\n<meta name=\"twitter:image\" content=\"https:\/\/cefoindigena.org\/wp-content\/uploads\/2026\/07\/TerritorioVivo_Remolino_5deJunio_Martin1-scaled.webp\" \/>\n<meta name=\"twitter:creator\" content=\"@cefoindigena\" \/>\n<meta name=\"twitter:site\" content=\"@cefoindigena\" \/>\n<meta name=\"twitter:label1\" content=\"Written by\" \/>\n\t<meta name=\"twitter:data1\" content=\"kat_vicnt\" \/>\n\t<meta name=\"twitter:label2\" content=\"Est. reading time\" \/>\n\t<meta name=\"twitter:data2\" content=\"5 minutes\" \/>\n<script type=\"application\/ld+json\" class=\"yoast-schema-graph\">{\"@context\":\"https:\\\/\\\/schema.org\",\"@graph\":[{\"@type\":\"Article\",\"@id\":\"https:\\\/\\\/cefoindigena.org\\\/fuego-arcilla-y-territorio-la-ceramica-siekopaai-como-expresion-de-autonomia-energetica\\\/#article\",\"isPartOf\":{\"@id\":\"https:\\\/\\\/cefoindigena.org\\\/fuego-arcilla-y-territorio-la-ceramica-siekopaai-como-expresion-de-autonomia-energetica\\\/\"},\"author\":{\"name\":\"kat_vicnt\",\"@id\":\"https:\\\/\\\/cefoindigena.org\\\/#\\\/schema\\\/person\\\/c843433b2a3ca6ba3d473570e9cf1cd6\"},\"headline\":\"Fuego, arcilla y territorio: la cer\u00e1mica Siekopaai como expresi\u00f3n de autonom\u00eda energ\u00e9tica\",\"datePublished\":\"2026-07-17T17:14:20+00:00\",\"dateModified\":\"2026-08-12T00:05:17+00:00\",\"mainEntityOfPage\":{\"@id\":\"https:\\\/\\\/cefoindigena.org\\\/fuego-arcilla-y-territorio-la-ceramica-siekopaai-como-expresion-de-autonomia-energetica\\\/\"},\"wordCount\":875,\"publisher\":{\"@id\":\"https:\\\/\\\/cefoindigena.org\\\/#organization\"},\"image\":{\"@id\":\"https:\\\/\\\/cefoindigena.org\\\/fuego-arcilla-y-territorio-la-ceramica-siekopaai-como-expresion-de-autonomia-energetica\\\/#primaryimage\"},\"thumbnailUrl\":\"https:\\\/\\\/cefoindigena.org\\\/wp-content\\\/uploads\\\/2026\\\/07\\\/TerritorioVivo_Remolino_5deJunio_Martin1-scaled.webp\",\"keywords\":[\"Siekopaai\"],\"articleSection\":[\"La selva tiene rostro de mujer\"],\"inLanguage\":\"en-US\"},{\"@type\":\"WebPage\",\"@id\":\"https:\\\/\\\/cefoindigena.org\\\/fuego-arcilla-y-territorio-la-ceramica-siekopaai-como-expresion-de-autonomia-energetica\\\/\",\"url\":\"https:\\\/\\\/cefoindigena.org\\\/fuego-arcilla-y-territorio-la-ceramica-siekopaai-como-expresion-de-autonomia-energetica\\\/\",\"name\":\"Fuego, arcilla y territorio: la cer\u00e1mica Siekopaai como expresi\u00f3n de autonom\u00eda energ\u00e9tica - CEFO Ind\u00edgena\",\"isPartOf\":{\"@id\":\"https:\\\/\\\/cefoindigena.org\\\/#website\"},\"primaryImageOfPage\":{\"@id\":\"https:\\\/\\\/cefoindigena.org\\\/fuego-arcilla-y-territorio-la-ceramica-siekopaai-como-expresion-de-autonomia-energetica\\\/#primaryimage\"},\"image\":{\"@id\":\"https:\\\/\\\/cefoindigena.org\\\/fuego-arcilla-y-territorio-la-ceramica-siekopaai-como-expresion-de-autonomia-energetica\\\/#primaryimage\"},\"thumbnailUrl\":\"https:\\\/\\\/cefoindigena.org\\\/wp-content\\\/uploads\\\/2026\\\/07\\\/TerritorioVivo_Remolino_5deJunio_Martin1-scaled.webp\",\"datePublished\":\"2026-07-17T17:14:20+00:00\",\"dateModified\":\"2026-08-12T00:05:17+00:00\",\"breadcrumb\":{\"@id\":\"https:\\\/\\\/cefoindigena.org\\\/fuego-arcilla-y-territorio-la-ceramica-siekopaai-como-expresion-de-autonomia-energetica\\\/#breadcrumb\"},\"inLanguage\":\"en-US\",\"potentialAction\":[{\"@type\":\"ReadAction\",\"target\":[\"https:\\\/\\\/cefoindigena.org\\\/fuego-arcilla-y-territorio-la-ceramica-siekopaai-como-expresion-de-autonomia-energetica\\\/\"]}]},{\"@type\":\"ImageObject\",\"inLanguage\":\"en-US\",\"@id\":\"https:\\\/\\\/cefoindigena.org\\\/fuego-arcilla-y-territorio-la-ceramica-siekopaai-como-expresion-de-autonomia-energetica\\\/#primaryimage\",\"url\":\"https:\\\/\\\/cefoindigena.org\\\/wp-content\\\/uploads\\\/2026\\\/07\\\/TerritorioVivo_Remolino_5deJunio_Martin1-scaled.webp\",\"contentUrl\":\"https:\\\/\\\/cefoindigena.org\\\/wp-content\\\/uploads\\\/2026\\\/07\\\/TerritorioVivo_Remolino_5deJunio_Martin1-scaled.webp\",\"width\":2560,\"height\":1707},{\"@type\":\"BreadcrumbList\",\"@id\":\"https:\\\/\\\/cefoindigena.org\\\/fuego-arcilla-y-territorio-la-ceramica-siekopaai-como-expresion-de-autonomia-energetica\\\/#breadcrumb\",\"itemListElement\":[{\"@type\":\"ListItem\",\"position\":1,\"name\":\"Portada\",\"item\":\"https:\\\/\\\/cefoindigena.org\\\/\"},{\"@type\":\"ListItem\",\"position\":2,\"name\":\"Fuego, arcilla y territorio: la cer\u00e1mica Siekopaai como expresi\u00f3n de autonom\u00eda energ\u00e9tica\"}]},{\"@type\":\"WebSite\",\"@id\":\"https:\\\/\\\/cefoindigena.org\\\/#website\",\"url\":\"https:\\\/\\\/cefoindigena.org\\\/\",\"name\":\"CEFO Ind\u00edgena\",\"description\":\"Centro de Fortalecimiento de los Derechos de los Pueblos Ind\u00edgenas\",\"publisher\":{\"@id\":\"https:\\\/\\\/cefoindigena.org\\\/#organization\"},\"potentialAction\":[{\"@type\":\"SearchAction\",\"target\":{\"@type\":\"EntryPoint\",\"urlTemplate\":\"https:\\\/\\\/cefoindigena.org\\\/?s={search_term_string}\"},\"query-input\":{\"@type\":\"PropertyValueSpecification\",\"valueRequired\":true,\"valueName\":\"search_term_string\"}}],\"inLanguage\":\"en-US\"},{\"@type\":\"Organization\",\"@id\":\"https:\\\/\\\/cefoindigena.org\\\/#organization\",\"name\":\"CEFO Ind\u00edgena - Centro de Fortalecimiento de los Derechos de los Pueblos Ind\u00edgenas\",\"url\":\"https:\\\/\\\/cefoindigena.org\\\/\",\"logo\":{\"@type\":\"ImageObject\",\"inLanguage\":\"en-US\",\"@id\":\"https:\\\/\\\/cefoindigena.org\\\/#\\\/schema\\\/logo\\\/image\\\/\",\"url\":\"https:\\\/\\\/cefoindigena.org\\\/wp-content\\\/uploads\\\/2025\\\/11\\\/logo-scaled.webp\",\"contentUrl\":\"https:\\\/\\\/cefoindigena.org\\\/wp-content\\\/uploads\\\/2025\\\/11\\\/logo-scaled.webp\",\"width\":2560,\"height\":1010,\"caption\":\"CEFO Ind\u00edgena - Centro de Fortalecimiento de los Derechos de los Pueblos Ind\u00edgenas\"},\"image\":{\"@id\":\"https:\\\/\\\/cefoindigena.org\\\/#\\\/schema\\\/logo\\\/image\\\/\"},\"sameAs\":[\"https:\\\/\\\/www.facebook.com\\\/CEFOIndigena\\\/\",\"https:\\\/\\\/x.com\\\/cefoindigena\",\"https:\\\/\\\/www.instagram.com\\\/cefoindigena\\\/\",\"https:\\\/\\\/www.youtube.com\\\/@cefoindigena9261\"]},{\"@type\":\"Person\",\"@id\":\"https:\\\/\\\/cefoindigena.org\\\/#\\\/schema\\\/person\\\/c843433b2a3ca6ba3d473570e9cf1cd6\",\"name\":\"kat_vicnt\",\"image\":{\"@type\":\"ImageObject\",\"inLanguage\":\"en-US\",\"@id\":\"https:\\\/\\\/secure.gravatar.com\\\/avatar\\\/92639220ff426f770ac82d1e2f466ad54a54c745849350a1156d70fd60f51b63?s=96&d=mm&r=g\",\"url\":\"https:\\\/\\\/secure.gravatar.com\\\/avatar\\\/92639220ff426f770ac82d1e2f466ad54a54c745849350a1156d70fd60f51b63?s=96&d=mm&r=g\",\"contentUrl\":\"https:\\\/\\\/secure.gravatar.com\\\/avatar\\\/92639220ff426f770ac82d1e2f466ad54a54c745849350a1156d70fd60f51b63?s=96&d=mm&r=g\",\"caption\":\"kat_vicnt\"},\"url\":\"https:\\\/\\\/cefoindigena.org\\\/en\\\/author\\\/kat_vicnt\\\/\"}]}<\/script>\n<!-- \/ Yoast SEO plugin. -->","yoast_head_json":{"title":"Fuego, arcilla y territorio: la cer\u00e1mica Siekopaai como expresi\u00f3n de autonom\u00eda energ\u00e9tica - CEFO Ind\u00edgena","robots":{"index":"index","follow":"follow","max-snippet":"max-snippet:-1","max-image-preview":"max-image-preview:large","max-video-preview":"max-video-preview:-1"},"canonical":"https:\/\/cefoindigena.org\/en\/fuego-arcilla-y-territorio-la-ceramica-siekopaai-como-expresion-de-autonomia-energetica\/","og_locale":"en_US","og_type":"article","og_title":"Fuego, arcilla y territorio: la cer\u00e1mica Siekopaai como expresi\u00f3n de autonom\u00eda energ\u00e9tica - CEFO Ind\u00edgena","og_description":"M\u00f3dulo 2: Energ\u00eda y Cer\u00e1mica del Plan de Educaci\u00f3n Digital \u00abDeo\u00b4o Koka\u00bb Elaborada por: Pablo Y\u00e9pez y Yadira Ocoguaje. Antes de hablar de transici\u00f3n energ\u00e9tica en la Amazon\u00eda, vale recordar que para los pueblos ind\u00edgenas este proceso no comenz\u00f3 con los paneles solares ni con los veh\u00edculos el\u00e9ctricos. Para los Siekopaai, la historia de la [&hellip;]","og_url":"https:\/\/cefoindigena.org\/en\/fuego-arcilla-y-territorio-la-ceramica-siekopaai-como-expresion-de-autonomia-energetica\/","og_site_name":"CEFO Ind\u00edgena","article_publisher":"https:\/\/www.facebook.com\/CEFOIndigena\/","article_published_time":"2026-07-17T17:14:20+00:00","article_modified_time":"2026-08-12T00:05:17+00:00","og_image":[{"width":2560,"height":1707,"url":"http:\/\/cefoindigena.org\/wp-content\/uploads\/2026\/07\/TerritorioVivo_Remolino_5deJunio_Martin1-scaled.webp","type":"image\/webp"}],"author":"kat_vicnt","twitter_card":"summary_large_image","twitter_image":"https:\/\/cefoindigena.org\/wp-content\/uploads\/2026\/07\/TerritorioVivo_Remolino_5deJunio_Martin1-scaled.webp","twitter_creator":"@cefoindigena","twitter_site":"@cefoindigena","twitter_misc":{"Written by":"kat_vicnt","Est. reading time":"5 minutes"},"schema":{"@context":"https:\/\/schema.org","@graph":[{"@type":"Article","@id":"https:\/\/cefoindigena.org\/fuego-arcilla-y-territorio-la-ceramica-siekopaai-como-expresion-de-autonomia-energetica\/#article","isPartOf":{"@id":"https:\/\/cefoindigena.org\/fuego-arcilla-y-territorio-la-ceramica-siekopaai-como-expresion-de-autonomia-energetica\/"},"author":{"name":"kat_vicnt","@id":"https:\/\/cefoindigena.org\/#\/schema\/person\/c843433b2a3ca6ba3d473570e9cf1cd6"},"headline":"Fuego, arcilla y territorio: la cer\u00e1mica Siekopaai como expresi\u00f3n de autonom\u00eda energ\u00e9tica","datePublished":"2026-07-17T17:14:20+00:00","dateModified":"2026-08-12T00:05:17+00:00","mainEntityOfPage":{"@id":"https:\/\/cefoindigena.org\/fuego-arcilla-y-territorio-la-ceramica-siekopaai-como-expresion-de-autonomia-energetica\/"},"wordCount":875,"publisher":{"@id":"https:\/\/cefoindigena.org\/#organization"},"image":{"@id":"https:\/\/cefoindigena.org\/fuego-arcilla-y-territorio-la-ceramica-siekopaai-como-expresion-de-autonomia-energetica\/#primaryimage"},"thumbnailUrl":"https:\/\/cefoindigena.org\/wp-content\/uploads\/2026\/07\/TerritorioVivo_Remolino_5deJunio_Martin1-scaled.webp","keywords":["Siekopaai"],"articleSection":["La selva tiene rostro de mujer"],"inLanguage":"en-US"},{"@type":"WebPage","@id":"https:\/\/cefoindigena.org\/fuego-arcilla-y-territorio-la-ceramica-siekopaai-como-expresion-de-autonomia-energetica\/","url":"https:\/\/cefoindigena.org\/fuego-arcilla-y-territorio-la-ceramica-siekopaai-como-expresion-de-autonomia-energetica\/","name":"Fuego, arcilla y territorio: la cer\u00e1mica Siekopaai como expresi\u00f3n de autonom\u00eda energ\u00e9tica - CEFO Ind\u00edgena","isPartOf":{"@id":"https:\/\/cefoindigena.org\/#website"},"primaryImageOfPage":{"@id":"https:\/\/cefoindigena.org\/fuego-arcilla-y-territorio-la-ceramica-siekopaai-como-expresion-de-autonomia-energetica\/#primaryimage"},"image":{"@id":"https:\/\/cefoindigena.org\/fuego-arcilla-y-territorio-la-ceramica-siekopaai-como-expresion-de-autonomia-energetica\/#primaryimage"},"thumbnailUrl":"https:\/\/cefoindigena.org\/wp-content\/uploads\/2026\/07\/TerritorioVivo_Remolino_5deJunio_Martin1-scaled.webp","datePublished":"2026-07-17T17:14:20+00:00","dateModified":"2026-08-12T00:05:17+00:00","breadcrumb":{"@id":"https:\/\/cefoindigena.org\/fuego-arcilla-y-territorio-la-ceramica-siekopaai-como-expresion-de-autonomia-energetica\/#breadcrumb"},"inLanguage":"en-US","potentialAction":[{"@type":"ReadAction","target":["https:\/\/cefoindigena.org\/fuego-arcilla-y-territorio-la-ceramica-siekopaai-como-expresion-de-autonomia-energetica\/"]}]},{"@type":"ImageObject","inLanguage":"en-US","@id":"https:\/\/cefoindigena.org\/fuego-arcilla-y-territorio-la-ceramica-siekopaai-como-expresion-de-autonomia-energetica\/#primaryimage","url":"https:\/\/cefoindigena.org\/wp-content\/uploads\/2026\/07\/TerritorioVivo_Remolino_5deJunio_Martin1-scaled.webp","contentUrl":"https:\/\/cefoindigena.org\/wp-content\/uploads\/2026\/07\/TerritorioVivo_Remolino_5deJunio_Martin1-scaled.webp","width":2560,"height":1707},{"@type":"BreadcrumbList","@id":"https:\/\/cefoindigena.org\/fuego-arcilla-y-territorio-la-ceramica-siekopaai-como-expresion-de-autonomia-energetica\/#breadcrumb","itemListElement":[{"@type":"ListItem","position":1,"name":"Portada","item":"https:\/\/cefoindigena.org\/"},{"@type":"ListItem","position":2,"name":"Fuego, arcilla y territorio: la cer\u00e1mica Siekopaai como expresi\u00f3n de autonom\u00eda energ\u00e9tica"}]},{"@type":"WebSite","@id":"https:\/\/cefoindigena.org\/#website","url":"https:\/\/cefoindigena.org\/","name":"CEFO Ind\u00edgena","description":"Centro de Fortalecimiento de los Derechos de los Pueblos Ind\u00edgenas","publisher":{"@id":"https:\/\/cefoindigena.org\/#organization"},"potentialAction":[{"@type":"SearchAction","target":{"@type":"EntryPoint","urlTemplate":"https:\/\/cefoindigena.org\/?s={search_term_string}"},"query-input":{"@type":"PropertyValueSpecification","valueRequired":true,"valueName":"search_term_string"}}],"inLanguage":"en-US"},{"@type":"Organization","@id":"https:\/\/cefoindigena.org\/#organization","name":"CEFO Ind\u00edgena - Centro de Fortalecimiento de los Derechos de los Pueblos Ind\u00edgenas","url":"https:\/\/cefoindigena.org\/","logo":{"@type":"ImageObject","inLanguage":"en-US","@id":"https:\/\/cefoindigena.org\/#\/schema\/logo\/image\/","url":"https:\/\/cefoindigena.org\/wp-content\/uploads\/2025\/11\/logo-scaled.webp","contentUrl":"https:\/\/cefoindigena.org\/wp-content\/uploads\/2025\/11\/logo-scaled.webp","width":2560,"height":1010,"caption":"CEFO Ind\u00edgena - Centro de Fortalecimiento de los Derechos de los Pueblos Ind\u00edgenas"},"image":{"@id":"https:\/\/cefoindigena.org\/#\/schema\/logo\/image\/"},"sameAs":["https:\/\/www.facebook.com\/CEFOIndigena\/","https:\/\/x.com\/cefoindigena","https:\/\/www.instagram.com\/cefoindigena\/","https:\/\/www.youtube.com\/@cefoindigena9261"]},{"@type":"Person","@id":"https:\/\/cefoindigena.org\/#\/schema\/person\/c843433b2a3ca6ba3d473570e9cf1cd6","name":"kat_vicnt","image":{"@type":"ImageObject","inLanguage":"en-US","@id":"https:\/\/secure.gravatar.com\/avatar\/92639220ff426f770ac82d1e2f466ad54a54c745849350a1156d70fd60f51b63?s=96&d=mm&r=g","url":"https:\/\/secure.gravatar.com\/avatar\/92639220ff426f770ac82d1e2f466ad54a54c745849350a1156d70fd60f51b63?s=96&d=mm&r=g","contentUrl":"https:\/\/secure.gravatar.com\/avatar\/92639220ff426f770ac82d1e2f466ad54a54c745849350a1156d70fd60f51b63?s=96&d=mm&r=g","caption":"kat_vicnt"},"url":"https:\/\/cefoindigena.org\/en\/author\/kat_vicnt\/"}]}},"_links":{"self":[{"href":"https:\/\/cefoindigena.org\/en\/wp-json\/wp\/v2\/posts\/7951","targetHints":{"allow":["GET"]}}],"collection":[{"href":"https:\/\/cefoindigena.org\/en\/wp-json\/wp\/v2\/posts"}],"about":[{"href":"https:\/\/cefoindigena.org\/en\/wp-json\/wp\/v2\/types\/post"}],"author":[{"embeddable":true,"href":"https:\/\/cefoindigena.org\/en\/wp-json\/wp\/v2\/users\/4"}],"replies":[{"embeddable":true,"href":"https:\/\/cefoindigena.org\/en\/wp-json\/wp\/v2\/comments?post=7951"}],"version-history":[{"count":6,"href":"https:\/\/cefoindigena.org\/en\/wp-json\/wp\/v2\/posts\/7951\/revisions"}],"predecessor-version":[{"id":7975,"href":"https:\/\/cefoindigena.org\/en\/wp-json\/wp\/v2\/posts\/7951\/revisions\/7975"}],"wp:featuredmedia":[{"embeddable":true,"href":"https:\/\/cefoindigena.org\/en\/wp-json\/wp\/v2\/media\/7952"}],"wp:attachment":[{"href":"https:\/\/cefoindigena.org\/en\/wp-json\/wp\/v2\/media?parent=7951"}],"wp:term":[{"taxonomy":"category","embeddable":true,"href":"https:\/\/cefoindigena.org\/en\/wp-json\/wp\/v2\/categories?post=7951"},{"taxonomy":"post_tag","embeddable":true,"href":"https:\/\/cefoindigena.org\/en\/wp-json\/wp\/v2\/tags?post=7951"}],"curies":[{"name":"wp","href":"https:\/\/api.w.org\/{rel}","templated":true}]}}