{"id":8393,"date":"2026-09-04T17:28:46","date_gmt":"2026-09-04T15:28:46","guid":{"rendered":"https:\/\/cefoindigena.org\/?p=8393"},"modified":"2026-09-04T17:34:38","modified_gmt":"2026-09-04T15:34:38","slug":"cefo-lleva-la-voz-de-los-territorios-al-xii-fospa-participacion-en-las-casas-2-y-3","status":"publish","type":"post","link":"https:\/\/cefoindigena.org\/en\/cefo-lleva-la-voz-de-los-territorios-al-xii-fospa-participacion-en-las-casas-2-y-3\/","title":{"rendered":"CEFO lleva la voz de los territorios al XII FOSPA: participaci\u00f3n en las Casas 2 y 3"},"content":{"rendered":"<p class=\"wp-block-paragraph\"><strong>\u00a0Agosto de 2026, Puyo &#8211; Ecuador<\/strong><\/p>\n\n\n\n<p class=\"has-text-align-right wp-block-paragraph\">Samay Lima &amp; Katia Vicente<\/p>\n\n\n\n<p class=\"wp-block-paragraph\">Las nacionalidades ind\u00edgenas de la cuenca amaz\u00f3nica volvieron a encontrarse para hablar desde la diversidad de sus pueblos, territorios y experiencias. Entre el 16 y el 21 de agosto, Puyo-ciudad de la amazon\u00eda central del Ecuador, fue escenario del XII Foro Social Panamaz\u00f3nico (<a href=\"https:\/\/fospaecuador.com\/\">FOSPA<\/a>), un espacio de articulaci\u00f3n entre pueblos ind\u00edgenas, comunidades, organizaciones sociales y actores de los nueve pa\u00edses de la cuenca amaz\u00f3nica.<\/p>\n\n\n\n<p class=\"wp-block-paragraph\">En este encuentro, t\u00e9cnicos de Equitable Origin-CEFO Indigena participaron activamente en las discusiones de la Casa 2: Soberan\u00eda y Libre Determinaci\u00f3n de los Pueblos y Nacionalidades Ind\u00edgenas, y de la Casa 3: Econom\u00edas para la Vida y Justicia Clim\u00e1tica. Esta participaci\u00f3n permiti\u00f3 llevar al debate panamaz\u00f3nico experiencias, preocupaciones y propuestas que nacen desde los territorios ind\u00edgenas, especialmente aquellas relacionadas con autonom\u00eda, gobernanza territorial, educaci\u00f3n, conocimientos propios, conectividad y construcci\u00f3n de alternativas econ\u00f3micas sostenibles.<\/p>\n\n\n\n<figure class=\"wp-block-image size-large\"><img loading=\"lazy\" decoding=\"async\" width=\"1280\" height=\"719\" src=\"https:\/\/cefoindigena.org\/wp-content\/uploads\/2026\/09\/IMAGEN-1-edited.webp\" alt=\"\" class=\"wp-image-8397\" srcset=\"https:\/\/cefoindigena.org\/wp-content\/uploads\/2026\/09\/IMAGEN-1-edited.webp 1280w, https:\/\/cefoindigena.org\/wp-content\/uploads\/2026\/09\/IMAGEN-1-edited-300x169.webp 300w, https:\/\/cefoindigena.org\/wp-content\/uploads\/2026\/09\/IMAGEN-1-edited-1024x575.webp 1024w, https:\/\/cefoindigena.org\/wp-content\/uploads\/2026\/09\/IMAGEN-1-edited-768x431.webp 768w, https:\/\/cefoindigena.org\/wp-content\/uploads\/2026\/09\/IMAGEN-1-edited-18x10.webp 18w\" sizes=\"auto, (max-width: 1280px) 100vw, 1280px\" \/><figcaption class=\"wp-element-caption\"><em>Foto 1.- D\u00eda de apertura, 19 de agosto de 2026.<\/em><\/figcaption><\/figure>\n\n\n\n<p class=\"wp-block-paragraph\"><strong><em>Defender la soberan\u00eda desde los territorios<\/em><\/strong><\/p>\n\n\n\n<p class=\"wp-block-paragraph\">La Casa 2 puso en el centro la soberan\u00eda y la libre determinaci\u00f3n de los pueblos y nacionalidades ind\u00edgenas, reafirmando que la protecci\u00f3n de la Amazon\u00eda est\u00e1 estrechamente relacionada con el reconocimiento de sus sistemas propios de gobierno, justicia, educaci\u00f3n, conocimiento y toma de decisiones.<\/p>\n\n\n\n<p class=\"wp-block-paragraph\">En este espacio, EO-CEFO comparti\u00f3 experiencias de trabajo comunitario orientadas a fortalecer el derecho de los Pueblos Ind\u00edgenas a la aplicaci\u00f3n de la Consulta Previa, Libre e Informada (<a href=\"https:\/\/fpic360.org\/\">CPLI<\/a>) como una herramienta para que las comunidades ejerzan una participaci\u00f3n efectiva en las decisiones que afectan sus territorios.<\/p>\n\n\n\n<p class=\"wp-block-paragraph\">Las discusiones tambi\u00e9n resaltaron la importancia de fortalecer la formaci\u00f3n t\u00e9cnica de j\u00f3venes y mujeres, la educaci\u00f3n intercultural biling\u00fce, la transmisi\u00f3n intergeneracional de conocimientos y los mecanismos propios de gobernanza. Asimismo, se plante\u00f3 fortalecer la articulaci\u00f3n panamaz\u00f3nica y las estrategias pol\u00edticas, jur\u00eddicas y comunicacionales frente a las amenazas que enfrentan los pueblos ind\u00edgenas y sus territorios.<\/p>\n\n\n\n<p class=\"wp-block-paragraph\">Un ejemplo fue el presentado por la Federaci\u00f3n de la Nacionalidad Shuar de Pastaza (FENASHP) mediante su <em>Protocolo Comunitario de Conocimientos Ancestrales<\/em>. Este instrumento de autogobierno establece c\u00f3mo deben ser respetados, protegidos y valorados los conocimientos tradicionales de la nacionalidad Shuar de Pastaza.<\/p>\n\n\n\n<p class=\"wp-block-paragraph\">Este protocolo construido a partir de una decisi\u00f3n colectiva, define principios para orientar la relaci\u00f3n con actores externos en torno al acceso, uso y gesti\u00f3n de los conocimientos tradicionales Shuar. Busca garantizar una distribuci\u00f3n justa de beneficios, el respeto a la cultura, el fortalecimiento del autogobierno y la protecci\u00f3n del territorio. V\u00e9ase en el siguiente enlace: <a href=\"https:\/\/drive.google.com\/file\/d\/17wW63SJ4wayypNhsFpyHOeF6E1XTWHOY\/view?usp=sharing\">Protocolo Comunitario<\/a>.<\/p>\n\n\n\n<p class=\"wp-block-paragraph\">Estos planteamientos se alinean con el trabajo que EO-CEFO impulsa en los territorios: fortalecer capacidades locales para que las comunidades sean protagonistas de sus propios procesos de desarrollo, comunicaci\u00f3n, educaci\u00f3n y defensa territorial.<\/p>\n\n\n\n<p class=\"wp-block-paragraph\"><strong><em>Econom\u00edas para la vida: alternativas desde las comunidades<\/em><\/strong><\/p>\n\n\n\n<p class=\"wp-block-paragraph\">La participaci\u00f3n de EO-CEFO tambi\u00e9n se extendi\u00f3 a la Casa 3: cuya tem\u00e1tica se centr\u00f3 en las econom\u00edas para la vida y la justicia clim\u00e1tica. Este espacio cuestion\u00f3 las estructuras econ\u00f3micas que sostienen el extractivismo y plante\u00f3 la necesidad de impulsar alternativas construidas desde los territorios, bajo principios de justicia clim\u00e1tica, autodeterminaci\u00f3n y Buen Vivir.<\/p>\n\n\n\n<p class=\"wp-block-paragraph\">Entre los principales desaf\u00edos se destac\u00f3 la necesidad de reducir la dependencia de modelos econ\u00f3micos que generan presi\u00f3n sobre la Amazon\u00eda y, al mismo tiempo, fortalecer iniciativas comunitarias como la agroecolog\u00eda, el turismo comunitario, los bioemprendimientos, las artesan\u00edas y otras formas de econom\u00eda propias, compatibles con el territorio.<\/p>\n\n\n\n<p class=\"wp-block-paragraph\">Un ejemplo presentado en este espacio fue <a href=\"https:\/\/amazonfairtrade.org\/\">Amazon Fair Trade<\/a>, una iniciativa de la COICA que busca vincular el saber ancestral amaz\u00f3nico con otros mercados. La plataforma promueve productos relacionados con la econom\u00eda ind\u00edgena, el comercio justo, la sostenibilidad y la conservaci\u00f3n, fortaleciendo la autonom\u00eda de las comunidades y mostrando que es posible generar ingresos mientras se protege el territorio, la cultura y los conocimientos propios.<\/p>\n\n\n\n<figure class=\"wp-block-image size-large\"><img loading=\"lazy\" decoding=\"async\" width=\"960\" height=\"644\" src=\"https:\/\/cefoindigena.org\/wp-content\/uploads\/2026\/09\/foto-grupal-edited.webp\" alt=\"\" class=\"wp-image-8396\" srcset=\"https:\/\/cefoindigena.org\/wp-content\/uploads\/2026\/09\/foto-grupal-edited.webp 960w, https:\/\/cefoindigena.org\/wp-content\/uploads\/2026\/09\/foto-grupal-edited-300x201.webp 300w, https:\/\/cefoindigena.org\/wp-content\/uploads\/2026\/09\/foto-grupal-edited-768x515.webp 768w, https:\/\/cefoindigena.org\/wp-content\/uploads\/2026\/09\/foto-grupal-edited-18x12.webp 18w\" sizes=\"auto, (max-width: 960px) 100vw, 960px\" \/><figcaption class=\"wp-element-caption\">Foto 2.- Delegaci\u00f3n de mujeres Achuar de las asociaci\u00f3n ARAK y Samay Vega EO-CEFO Ind\u00edgena en su participaci\u00f3n durante el FOSPA 2026.<\/figcaption><\/figure>\n\n\n\n<p class=\"wp-block-paragraph\"><strong><em>Ciencia y conectividad para la protecci\u00f3n de la Amazon\u00eda<\/em><\/strong><\/p>\n\n\n\n<p class=\"wp-block-paragraph\">De manera paralela, EO-CEFO particip\u00f3 en espacios orientados a generar evidencia y recomendaciones para la protecci\u00f3n de la Amazon\u00eda.<\/p>\n\n\n\n<p class=\"wp-block-paragraph\">Uno de ellos estuvo vinculado al Panel Cient\u00edfico para la Amazon\u00eda (<a href=\"https:\/\/www.sp-amazon.org\/es\">SPA<\/a>), una iniciativa que re\u00fane a m\u00e1s de 300 cient\u00edficos y especialistas y busca articular el conocimiento cient\u00edfico con los conocimientos ind\u00edgenas y locales.<\/p>\n\n\n\n<p class=\"wp-block-paragraph\">Durante este espacio se presentaron datos que muestran la presi\u00f3n creciente sobre los ecosistemas amaz\u00f3nicos: aproximadamente 103 millones de hect\u00e1reas presentan afectaciones en su din\u00e1mica ecol\u00f3gica, cerca del 53 % de la Amazon\u00eda no cuenta con una figura de protecci\u00f3n legal y alrededor del 22 % est\u00e1 conformado por humedales. Tambi\u00e9n se destac\u00f3 la importancia de los <em>r\u00edos voladores<\/em> y el papel de los Territorios Ind\u00edgenas (TI) y las \u00c1reas Naturales Protegidas (ANP) en la conservaci\u00f3n del carbono forestal y la conectividad ecol\u00f3gica.<\/p>\n\n\n\n<p class=\"wp-block-paragraph\">Bajo el mensaje de que la Amazon\u00eda no puede esperar, el espacio <em>Territorios, agua y gobernanza ind\u00edgena: evidencia para la toma de decisiones en la Amazon\u00eda,<\/em> destac\u00f3 la necesidad de fortalecer la gobernanza territorial ind\u00edgena y articular evidencia cient\u00edfica y conocimientos locales para responder a las amenazas de la regi\u00f3n. Tambi\u00e9n se abordaron los posibles efectos del fen\u00f3meno de El Ni\u00f1o durante 2026 y 2027, asociados a sequ\u00edas, reducci\u00f3n de los niveles de agua e incremento del riesgo de incendios forestales.<\/p>\n\n\n\n<p class=\"wp-block-paragraph\">Otro de los espacios abord\u00f3 la propuesta \u201cProteger la conectividad de la Amazon\u00eda para asegurar el futuro del planeta\u201d, construida a partir del trabajo de la Alianza Aguas Amaz\u00f3nicas (<a href=\"https:\/\/aguasamazonicas.org\/\">AGUAS AMAZ\u00d3NICAS<\/a>), Alianza Noramaz\u00f3nica (<a href=\"https:\/\/alianzanoramazonica.org\/\">ANA<\/a>), la Red Amaz\u00f3nica de Informaci\u00f3n Socioambiental Georreferenciada (<a href=\"https:\/\/www.raisg.org\/es\/\">RAISG<\/a>) y el Panel Cient\u00edfico para la Amazon\u00eda <strong>(<\/strong><a href=\"https:\/\/www.sp-amazon.org\/es\"><strong>SPA<\/strong><\/a><strong>)<\/strong>. La propuesta plantea la conectividad amaz\u00f3nica como un principio central para la acci\u00f3n clim\u00e1tica, la conservaci\u00f3n de la biodiversidad y el bienestar de las personas. Esto implica mantener conectados bosques, r\u00edos, humedales, territorios ind\u00edgenas y otras \u00e1reas de importancia ecol\u00f3gica, y avanzar hacia una acci\u00f3n regional coordinada que permita conservar estos sistemas frente a la crisis clim\u00e1tica.<\/p>\n\n\n\n<p class=\"wp-block-paragraph\"><strong><em>Una agenda que nace desde los territorios<\/em><\/strong><\/p>\n\n\n\n<p class=\"wp-block-paragraph\">Para EO-CEFO, estos debates representan una oportunidad para seguir conectando educaci\u00f3n, tecnolog\u00eda, organizaci\u00f3n comunitaria y econom\u00edas propias, de manera que las herramientas digitales est\u00e9n al servicio de las comunidades y fortalezcan sus iniciativas, su comunicaci\u00f3n y su capacidad de articulaci\u00f3n.<\/p>\n\n\n\n<p class=\"wp-block-paragraph\">El FOSPA concibe sus casas como espacios vivos de di\u00e1logo y construcci\u00f3n colectiva, donde las experiencias territoriales pueden convertirse en propuestas de alcance panamaz\u00f3nico. Desde esta perspectiva, EO-CEFO reafirma su compromiso con una Amazon\u00eda en la que los pueblos ind\u00edgenas sean protagonistas de las decisiones sobre sus territorios, conocimientos, econom\u00edas y futuro, construyendo soluciones desde quienes habitan y sostienen el territorio.<\/p>\n\n\n\n<p class=\"wp-block-paragraph\">Dejamos el documento con la declaraci\u00f3n final: <a href=\"https:\/\/drive.google.com\/file\/d\/10__Jcm0cabjaLwNvSCHwUS6roreJBwx4\/view?usp=sharing\">Plan de Acci\u00f3n Final -XII FOSPA<\/a><\/p>\n\n\n\n<p class=\"wp-block-paragraph\"><\/p>","protected":false},"excerpt":{"rendered":"<p>\u00a0Agosto de 2026, Puyo &#8211; Ecuador Samay Lima &amp; Katia Vicente Las nacionalidades ind\u00edgenas de la cuenca amaz\u00f3nica volvieron a encontrarse para hablar desde la diversidad de sus pueblos, territorios y experiencias. Entre el 16 y el 21 de agosto, Puyo-ciudad de la amazon\u00eda central del Ecuador, fue escenario del XII Foro Social Panamaz\u00f3nico (FOSPA), [&hellip;]<\/p>\n","protected":false},"author":4,"featured_media":8397,"comment_status":"closed","ping_status":"closed","sticky":false,"template":"","format":"standard","meta":{"_acf_changed":false,"_eb_attr":"","footnotes":""},"categories":[52],"tags":[63,67,68],"class_list":["post-8393","post","type-post","status-publish","format-standard","has-post-thumbnail","hentry","category-voces-desde-el-territorio","tag-cpli","tag-defensa-del-territorio","tag-derechos-indigenas"],"acf":[],"yoast_head":"<!-- This site is optimized with the Yoast SEO plugin v28.4 - https:\/\/yoast.com\/product\/yoast-seo-wordpress\/ -->\n<title>CEFO lleva la voz de los territorios al XII FOSPA: participaci\u00f3n en las Casas 2 y 3 - CEFO Ind\u00edgena<\/title>\n<meta name=\"robots\" content=\"index, follow, max-snippet:-1, max-image-preview:large, max-video-preview:-1\" \/>\n<link rel=\"canonical\" href=\"https:\/\/cefoindigena.org\/en\/cefo-lleva-la-voz-de-los-territorios-al-xii-fospa-participacion-en-las-casas-2-y-3\/\" \/>\n<meta property=\"og:locale\" content=\"en_US\" \/>\n<meta property=\"og:type\" content=\"article\" \/>\n<meta property=\"og:title\" content=\"CEFO lleva la voz de los territorios al XII FOSPA: participaci\u00f3n en las Casas 2 y 3 - CEFO Ind\u00edgena\" \/>\n<meta property=\"og:description\" content=\"\u00a0Agosto de 2026, Puyo &#8211; Ecuador Samay Lima &amp; Katia Vicente Las nacionalidades ind\u00edgenas de la cuenca amaz\u00f3nica volvieron a encontrarse para hablar desde la diversidad de sus pueblos, territorios y experiencias. Entre el 16 y el 21 de agosto, Puyo-ciudad de la amazon\u00eda central del Ecuador, fue escenario del XII Foro Social Panamaz\u00f3nico (FOSPA), [&hellip;]\" \/>\n<meta property=\"og:url\" content=\"https:\/\/cefoindigena.org\/en\/cefo-lleva-la-voz-de-los-territorios-al-xii-fospa-participacion-en-las-casas-2-y-3\/\" \/>\n<meta property=\"og:site_name\" content=\"CEFO Ind\u00edgena\" \/>\n<meta property=\"article:publisher\" content=\"https:\/\/www.facebook.com\/CEFOIndigena\/\" \/>\n<meta property=\"article:published_time\" content=\"2026-09-04T15:28:46+00:00\" \/>\n<meta property=\"article:modified_time\" content=\"2026-09-04T15:34:38+00:00\" \/>\n<meta property=\"og:image\" content=\"http:\/\/cefoindigena.org\/wp-content\/uploads\/2026\/09\/IMAGEN-1-edited.webp\" \/>\n\t<meta property=\"og:image:width\" content=\"1280\" \/>\n\t<meta property=\"og:image:height\" content=\"719\" \/>\n\t<meta property=\"og:image:type\" content=\"image\/webp\" \/>\n<meta name=\"author\" content=\"kat_vicnt\" \/>\n<meta name=\"twitter:card\" content=\"summary_large_image\" \/>\n<meta name=\"twitter:creator\" content=\"@cefoindigena\" \/>\n<meta name=\"twitter:site\" content=\"@cefoindigena\" \/>\n<meta name=\"twitter:label1\" content=\"Written by\" \/>\n\t<meta name=\"twitter:data1\" content=\"kat_vicnt\" \/>\n\t<meta name=\"twitter:label2\" content=\"Est. reading time\" \/>\n\t<meta name=\"twitter:data2\" content=\"6 minutes\" \/>\n<script type=\"application\/ld+json\" class=\"yoast-schema-graph\">{\"@context\":\"https:\\\/\\\/schema.org\",\"@graph\":[{\"@type\":\"Article\",\"@id\":\"https:\\\/\\\/cefoindigena.org\\\/cefo-lleva-la-voz-de-los-territorios-al-xii-fospa-participacion-en-las-casas-2-y-3\\\/#article\",\"isPartOf\":{\"@id\":\"https:\\\/\\\/cefoindigena.org\\\/cefo-lleva-la-voz-de-los-territorios-al-xii-fospa-participacion-en-las-casas-2-y-3\\\/\"},\"author\":{\"name\":\"kat_vicnt\",\"@id\":\"https:\\\/\\\/cefoindigena.org\\\/#\\\/schema\\\/person\\\/c843433b2a3ca6ba3d473570e9cf1cd6\"},\"headline\":\"CEFO lleva la voz de los territorios al XII FOSPA: participaci\u00f3n en las Casas 2 y 3\",\"datePublished\":\"2026-09-04T15:28:46+00:00\",\"dateModified\":\"2026-09-04T15:34:38+00:00\",\"mainEntityOfPage\":{\"@id\":\"https:\\\/\\\/cefoindigena.org\\\/cefo-lleva-la-voz-de-los-territorios-al-xii-fospa-participacion-en-las-casas-2-y-3\\\/\"},\"wordCount\":1243,\"publisher\":{\"@id\":\"https:\\\/\\\/cefoindigena.org\\\/#organization\"},\"image\":{\"@id\":\"https:\\\/\\\/cefoindigena.org\\\/cefo-lleva-la-voz-de-los-territorios-al-xii-fospa-participacion-en-las-casas-2-y-3\\\/#primaryimage\"},\"thumbnailUrl\":\"https:\\\/\\\/cefoindigena.org\\\/wp-content\\\/uploads\\\/2026\\\/09\\\/IMAGEN-1-edited.webp\",\"keywords\":[\"CPLI\",\"Defensa del territorio\",\"Derechos ind\u00edgenas\"],\"articleSection\":[\"Voces desde el territorio\"],\"inLanguage\":\"en-US\"},{\"@type\":\"WebPage\",\"@id\":\"https:\\\/\\\/cefoindigena.org\\\/cefo-lleva-la-voz-de-los-territorios-al-xii-fospa-participacion-en-las-casas-2-y-3\\\/\",\"url\":\"https:\\\/\\\/cefoindigena.org\\\/cefo-lleva-la-voz-de-los-territorios-al-xii-fospa-participacion-en-las-casas-2-y-3\\\/\",\"name\":\"CEFO lleva la voz de los territorios al XII FOSPA: participaci\u00f3n en las Casas 2 y 3 - CEFO Ind\u00edgena\",\"isPartOf\":{\"@id\":\"https:\\\/\\\/cefoindigena.org\\\/#website\"},\"primaryImageOfPage\":{\"@id\":\"https:\\\/\\\/cefoindigena.org\\\/cefo-lleva-la-voz-de-los-territorios-al-xii-fospa-participacion-en-las-casas-2-y-3\\\/#primaryimage\"},\"image\":{\"@id\":\"https:\\\/\\\/cefoindigena.org\\\/cefo-lleva-la-voz-de-los-territorios-al-xii-fospa-participacion-en-las-casas-2-y-3\\\/#primaryimage\"},\"thumbnailUrl\":\"https:\\\/\\\/cefoindigena.org\\\/wp-content\\\/uploads\\\/2026\\\/09\\\/IMAGEN-1-edited.webp\",\"datePublished\":\"2026-09-04T15:28:46+00:00\",\"dateModified\":\"2026-09-04T15:34:38+00:00\",\"breadcrumb\":{\"@id\":\"https:\\\/\\\/cefoindigena.org\\\/cefo-lleva-la-voz-de-los-territorios-al-xii-fospa-participacion-en-las-casas-2-y-3\\\/#breadcrumb\"},\"inLanguage\":\"en-US\",\"potentialAction\":[{\"@type\":\"ReadAction\",\"target\":[\"https:\\\/\\\/cefoindigena.org\\\/cefo-lleva-la-voz-de-los-territorios-al-xii-fospa-participacion-en-las-casas-2-y-3\\\/\"]}]},{\"@type\":\"ImageObject\",\"inLanguage\":\"en-US\",\"@id\":\"https:\\\/\\\/cefoindigena.org\\\/cefo-lleva-la-voz-de-los-territorios-al-xii-fospa-participacion-en-las-casas-2-y-3\\\/#primaryimage\",\"url\":\"https:\\\/\\\/cefoindigena.org\\\/wp-content\\\/uploads\\\/2026\\\/09\\\/IMAGEN-1-edited.webp\",\"contentUrl\":\"https:\\\/\\\/cefoindigena.org\\\/wp-content\\\/uploads\\\/2026\\\/09\\\/IMAGEN-1-edited.webp\",\"width\":1280,\"height\":719},{\"@type\":\"BreadcrumbList\",\"@id\":\"https:\\\/\\\/cefoindigena.org\\\/cefo-lleva-la-voz-de-los-territorios-al-xii-fospa-participacion-en-las-casas-2-y-3\\\/#breadcrumb\",\"itemListElement\":[{\"@type\":\"ListItem\",\"position\":1,\"name\":\"Portada\",\"item\":\"https:\\\/\\\/cefoindigena.org\\\/\"},{\"@type\":\"ListItem\",\"position\":2,\"name\":\"CEFO lleva la voz de los territorios al XII FOSPA: participaci\u00f3n en las Casas 2 y 3\"}]},{\"@type\":\"WebSite\",\"@id\":\"https:\\\/\\\/cefoindigena.org\\\/#website\",\"url\":\"https:\\\/\\\/cefoindigena.org\\\/\",\"name\":\"CEFO Ind\u00edgena\",\"description\":\"Centro de Fortalecimiento de los Derechos de los Pueblos Ind\u00edgenas\",\"publisher\":{\"@id\":\"https:\\\/\\\/cefoindigena.org\\\/#organization\"},\"potentialAction\":[{\"@type\":\"SearchAction\",\"target\":{\"@type\":\"EntryPoint\",\"urlTemplate\":\"https:\\\/\\\/cefoindigena.org\\\/?s={search_term_string}\"},\"query-input\":{\"@type\":\"PropertyValueSpecification\",\"valueRequired\":true,\"valueName\":\"search_term_string\"}}],\"inLanguage\":\"en-US\"},{\"@type\":\"Organization\",\"@id\":\"https:\\\/\\\/cefoindigena.org\\\/#organization\",\"name\":\"CEFO Ind\u00edgena - Centro de Fortalecimiento de los Derechos de los Pueblos Ind\u00edgenas\",\"url\":\"https:\\\/\\\/cefoindigena.org\\\/\",\"logo\":{\"@type\":\"ImageObject\",\"inLanguage\":\"en-US\",\"@id\":\"https:\\\/\\\/cefoindigena.org\\\/#\\\/schema\\\/logo\\\/image\\\/\",\"url\":\"https:\\\/\\\/cefoindigena.org\\\/wp-content\\\/uploads\\\/2025\\\/11\\\/logo-scaled.webp\",\"contentUrl\":\"https:\\\/\\\/cefoindigena.org\\\/wp-content\\\/uploads\\\/2025\\\/11\\\/logo-scaled.webp\",\"width\":2560,\"height\":1010,\"caption\":\"CEFO Ind\u00edgena - Centro de Fortalecimiento de los Derechos de los Pueblos Ind\u00edgenas\"},\"image\":{\"@id\":\"https:\\\/\\\/cefoindigena.org\\\/#\\\/schema\\\/logo\\\/image\\\/\"},\"sameAs\":[\"https:\\\/\\\/www.facebook.com\\\/CEFOIndigena\\\/\",\"https:\\\/\\\/x.com\\\/cefoindigena\",\"https:\\\/\\\/www.instagram.com\\\/cefoindigena\\\/\",\"https:\\\/\\\/www.youtube.com\\\/@cefoindigena9261\"]},{\"@type\":\"Person\",\"@id\":\"https:\\\/\\\/cefoindigena.org\\\/#\\\/schema\\\/person\\\/c843433b2a3ca6ba3d473570e9cf1cd6\",\"name\":\"kat_vicnt\",\"image\":{\"@type\":\"ImageObject\",\"inLanguage\":\"en-US\",\"@id\":\"https:\\\/\\\/secure.gravatar.com\\\/avatar\\\/92639220ff426f770ac82d1e2f466ad54a54c745849350a1156d70fd60f51b63?s=96&d=mm&r=g\",\"url\":\"https:\\\/\\\/secure.gravatar.com\\\/avatar\\\/92639220ff426f770ac82d1e2f466ad54a54c745849350a1156d70fd60f51b63?s=96&d=mm&r=g\",\"contentUrl\":\"https:\\\/\\\/secure.gravatar.com\\\/avatar\\\/92639220ff426f770ac82d1e2f466ad54a54c745849350a1156d70fd60f51b63?s=96&d=mm&r=g\",\"caption\":\"kat_vicnt\"},\"url\":\"https:\\\/\\\/cefoindigena.org\\\/en\\\/author\\\/kat_vicnt\\\/\"}]}<\/script>\n<!-- \/ Yoast SEO plugin. -->","yoast_head_json":{"title":"CEFO lleva la voz de los territorios al XII FOSPA: participaci\u00f3n en las Casas 2 y 3 - CEFO Ind\u00edgena","robots":{"index":"index","follow":"follow","max-snippet":"max-snippet:-1","max-image-preview":"max-image-preview:large","max-video-preview":"max-video-preview:-1"},"canonical":"https:\/\/cefoindigena.org\/en\/cefo-lleva-la-voz-de-los-territorios-al-xii-fospa-participacion-en-las-casas-2-y-3\/","og_locale":"en_US","og_type":"article","og_title":"CEFO lleva la voz de los territorios al XII FOSPA: participaci\u00f3n en las Casas 2 y 3 - CEFO Ind\u00edgena","og_description":"\u00a0Agosto de 2026, Puyo &#8211; Ecuador Samay Lima &amp; Katia Vicente Las nacionalidades ind\u00edgenas de la cuenca amaz\u00f3nica volvieron a encontrarse para hablar desde la diversidad de sus pueblos, territorios y experiencias. Entre el 16 y el 21 de agosto, Puyo-ciudad de la amazon\u00eda central del Ecuador, fue escenario del XII Foro Social Panamaz\u00f3nico (FOSPA), [&hellip;]","og_url":"https:\/\/cefoindigena.org\/en\/cefo-lleva-la-voz-de-los-territorios-al-xii-fospa-participacion-en-las-casas-2-y-3\/","og_site_name":"CEFO Ind\u00edgena","article_publisher":"https:\/\/www.facebook.com\/CEFOIndigena\/","article_published_time":"2026-09-04T15:28:46+00:00","article_modified_time":"2026-09-04T15:34:38+00:00","og_image":[{"width":1280,"height":719,"url":"http:\/\/cefoindigena.org\/wp-content\/uploads\/2026\/09\/IMAGEN-1-edited.webp","type":"image\/webp"}],"author":"kat_vicnt","twitter_card":"summary_large_image","twitter_creator":"@cefoindigena","twitter_site":"@cefoindigena","twitter_misc":{"Written by":"kat_vicnt","Est. reading time":"6 minutes"},"schema":{"@context":"https:\/\/schema.org","@graph":[{"@type":"Article","@id":"https:\/\/cefoindigena.org\/cefo-lleva-la-voz-de-los-territorios-al-xii-fospa-participacion-en-las-casas-2-y-3\/#article","isPartOf":{"@id":"https:\/\/cefoindigena.org\/cefo-lleva-la-voz-de-los-territorios-al-xii-fospa-participacion-en-las-casas-2-y-3\/"},"author":{"name":"kat_vicnt","@id":"https:\/\/cefoindigena.org\/#\/schema\/person\/c843433b2a3ca6ba3d473570e9cf1cd6"},"headline":"CEFO lleva la voz de los territorios al XII FOSPA: participaci\u00f3n en las Casas 2 y 3","datePublished":"2026-09-04T15:28:46+00:00","dateModified":"2026-09-04T15:34:38+00:00","mainEntityOfPage":{"@id":"https:\/\/cefoindigena.org\/cefo-lleva-la-voz-de-los-territorios-al-xii-fospa-participacion-en-las-casas-2-y-3\/"},"wordCount":1243,"publisher":{"@id":"https:\/\/cefoindigena.org\/#organization"},"image":{"@id":"https:\/\/cefoindigena.org\/cefo-lleva-la-voz-de-los-territorios-al-xii-fospa-participacion-en-las-casas-2-y-3\/#primaryimage"},"thumbnailUrl":"https:\/\/cefoindigena.org\/wp-content\/uploads\/2026\/09\/IMAGEN-1-edited.webp","keywords":["CPLI","Defensa del territorio","Derechos ind\u00edgenas"],"articleSection":["Voces desde el territorio"],"inLanguage":"en-US"},{"@type":"WebPage","@id":"https:\/\/cefoindigena.org\/cefo-lleva-la-voz-de-los-territorios-al-xii-fospa-participacion-en-las-casas-2-y-3\/","url":"https:\/\/cefoindigena.org\/cefo-lleva-la-voz-de-los-territorios-al-xii-fospa-participacion-en-las-casas-2-y-3\/","name":"CEFO lleva la voz de los territorios al XII FOSPA: participaci\u00f3n en las Casas 2 y 3 - CEFO Ind\u00edgena","isPartOf":{"@id":"https:\/\/cefoindigena.org\/#website"},"primaryImageOfPage":{"@id":"https:\/\/cefoindigena.org\/cefo-lleva-la-voz-de-los-territorios-al-xii-fospa-participacion-en-las-casas-2-y-3\/#primaryimage"},"image":{"@id":"https:\/\/cefoindigena.org\/cefo-lleva-la-voz-de-los-territorios-al-xii-fospa-participacion-en-las-casas-2-y-3\/#primaryimage"},"thumbnailUrl":"https:\/\/cefoindigena.org\/wp-content\/uploads\/2026\/09\/IMAGEN-1-edited.webp","datePublished":"2026-09-04T15:28:46+00:00","dateModified":"2026-09-04T15:34:38+00:00","breadcrumb":{"@id":"https:\/\/cefoindigena.org\/cefo-lleva-la-voz-de-los-territorios-al-xii-fospa-participacion-en-las-casas-2-y-3\/#breadcrumb"},"inLanguage":"en-US","potentialAction":[{"@type":"ReadAction","target":["https:\/\/cefoindigena.org\/cefo-lleva-la-voz-de-los-territorios-al-xii-fospa-participacion-en-las-casas-2-y-3\/"]}]},{"@type":"ImageObject","inLanguage":"en-US","@id":"https:\/\/cefoindigena.org\/cefo-lleva-la-voz-de-los-territorios-al-xii-fospa-participacion-en-las-casas-2-y-3\/#primaryimage","url":"https:\/\/cefoindigena.org\/wp-content\/uploads\/2026\/09\/IMAGEN-1-edited.webp","contentUrl":"https:\/\/cefoindigena.org\/wp-content\/uploads\/2026\/09\/IMAGEN-1-edited.webp","width":1280,"height":719},{"@type":"BreadcrumbList","@id":"https:\/\/cefoindigena.org\/cefo-lleva-la-voz-de-los-territorios-al-xii-fospa-participacion-en-las-casas-2-y-3\/#breadcrumb","itemListElement":[{"@type":"ListItem","position":1,"name":"Portada","item":"https:\/\/cefoindigena.org\/"},{"@type":"ListItem","position":2,"name":"CEFO lleva la voz de los territorios al XII FOSPA: participaci\u00f3n en las Casas 2 y 3"}]},{"@type":"WebSite","@id":"https:\/\/cefoindigena.org\/#website","url":"https:\/\/cefoindigena.org\/","name":"CEFO Ind\u00edgena","description":"Centro de Fortalecimiento de los Derechos de los Pueblos Ind\u00edgenas","publisher":{"@id":"https:\/\/cefoindigena.org\/#organization"},"potentialAction":[{"@type":"SearchAction","target":{"@type":"EntryPoint","urlTemplate":"https:\/\/cefoindigena.org\/?s={search_term_string}"},"query-input":{"@type":"PropertyValueSpecification","valueRequired":true,"valueName":"search_term_string"}}],"inLanguage":"en-US"},{"@type":"Organization","@id":"https:\/\/cefoindigena.org\/#organization","name":"CEFO Ind\u00edgena - Centro de Fortalecimiento de los Derechos de los Pueblos Ind\u00edgenas","url":"https:\/\/cefoindigena.org\/","logo":{"@type":"ImageObject","inLanguage":"en-US","@id":"https:\/\/cefoindigena.org\/#\/schema\/logo\/image\/","url":"https:\/\/cefoindigena.org\/wp-content\/uploads\/2025\/11\/logo-scaled.webp","contentUrl":"https:\/\/cefoindigena.org\/wp-content\/uploads\/2025\/11\/logo-scaled.webp","width":2560,"height":1010,"caption":"CEFO Ind\u00edgena - Centro de Fortalecimiento de los Derechos de los Pueblos Ind\u00edgenas"},"image":{"@id":"https:\/\/cefoindigena.org\/#\/schema\/logo\/image\/"},"sameAs":["https:\/\/www.facebook.com\/CEFOIndigena\/","https:\/\/x.com\/cefoindigena","https:\/\/www.instagram.com\/cefoindigena\/","https:\/\/www.youtube.com\/@cefoindigena9261"]},{"@type":"Person","@id":"https:\/\/cefoindigena.org\/#\/schema\/person\/c843433b2a3ca6ba3d473570e9cf1cd6","name":"kat_vicnt","image":{"@type":"ImageObject","inLanguage":"en-US","@id":"https:\/\/secure.gravatar.com\/avatar\/92639220ff426f770ac82d1e2f466ad54a54c745849350a1156d70fd60f51b63?s=96&d=mm&r=g","url":"https:\/\/secure.gravatar.com\/avatar\/92639220ff426f770ac82d1e2f466ad54a54c745849350a1156d70fd60f51b63?s=96&d=mm&r=g","contentUrl":"https:\/\/secure.gravatar.com\/avatar\/92639220ff426f770ac82d1e2f466ad54a54c745849350a1156d70fd60f51b63?s=96&d=mm&r=g","caption":"kat_vicnt"},"url":"https:\/\/cefoindigena.org\/en\/author\/kat_vicnt\/"}]}},"_links":{"self":[{"href":"https:\/\/cefoindigena.org\/en\/wp-json\/wp\/v2\/posts\/8393","targetHints":{"allow":["GET"]}}],"collection":[{"href":"https:\/\/cefoindigena.org\/en\/wp-json\/wp\/v2\/posts"}],"about":[{"href":"https:\/\/cefoindigena.org\/en\/wp-json\/wp\/v2\/types\/post"}],"author":[{"embeddable":true,"href":"https:\/\/cefoindigena.org\/en\/wp-json\/wp\/v2\/users\/4"}],"replies":[{"embeddable":true,"href":"https:\/\/cefoindigena.org\/en\/wp-json\/wp\/v2\/comments?post=8393"}],"version-history":[{"count":2,"href":"https:\/\/cefoindigena.org\/en\/wp-json\/wp\/v2\/posts\/8393\/revisions"}],"predecessor-version":[{"id":8400,"href":"https:\/\/cefoindigena.org\/en\/wp-json\/wp\/v2\/posts\/8393\/revisions\/8400"}],"wp:featuredmedia":[{"embeddable":true,"href":"https:\/\/cefoindigena.org\/en\/wp-json\/wp\/v2\/media\/8397"}],"wp:attachment":[{"href":"https:\/\/cefoindigena.org\/en\/wp-json\/wp\/v2\/media?parent=8393"}],"wp:term":[{"taxonomy":"category","embeddable":true,"href":"https:\/\/cefoindigena.org\/en\/wp-json\/wp\/v2\/categories?post=8393"},{"taxonomy":"post_tag","embeddable":true,"href":"https:\/\/cefoindigena.org\/en\/wp-json\/wp\/v2\/tags?post=8393"}],"curies":[{"name":"wp","href":"https:\/\/api.w.org\/{rel}","templated":true}]}}